{"id":6166,"date":"2025-09-22T11:38:00","date_gmt":"2025-09-22T09:38:00","guid":{"rendered":"https:\/\/linearsa.ch\/?p=6166"},"modified":"2025-10-08T14:45:22","modified_gmt":"2025-10-08T12:45:22","slug":"neue-einstufer-im-2025","status":"publish","type":"post","link":"https:\/\/linearsa.ch\/de\/neue-einstufer-im-2025\/","title":{"rendered":"Neue Einstufer im 2025"},"content":{"rendered":"\n<p>Um das Team zu vervollst\u00e4ndigen, wurde Simon Messerli im Februar 2025 angestellt. Er hatte die Ausbildung im Sommer 2023 erfolgreich abgeschlossen. Sp\u00e4ter konnten wir zwei weitere Einstufer anstellen, die in diesem Sommer die Ausbildung als Einstufer erfolgreich absolviert haben. Yannick B\u00f6gli und Thibaud Saucy begannen ihre T\u00e4tigkeit f\u00fcr die Linear AG am 1. September 2025.<\/p>\n\n\n\n<div class=\"wp-block-group is-nowrap is-layout-flex wp-container-core-group-is-layout-6c531013 wp-block-group-is-layout-flex\">\n<figure class=\"wp-block-image alignleft size-large is-resized\"><img fetchpriority=\"high\" decoding=\"async\" width=\"768\" height=\"1024\" src=\"https:\/\/linearsa.ch\/wp-content\/uploads\/2025\/10\/142-Messerli-Simon-3-768x1024.jpg\" alt=\"\" class=\"wp-image-6167\" style=\"width:378px;height:auto\" srcset=\"https:\/\/linearsa.ch\/wp-content\/uploads\/2025\/10\/142-Messerli-Simon-3-768x1024.jpg 768w, https:\/\/linearsa.ch\/wp-content\/uploads\/2025\/10\/142-Messerli-Simon-3-225x300.jpg 225w, https:\/\/linearsa.ch\/wp-content\/uploads\/2025\/10\/142-Messerli-Simon-3-1152x1536.jpg 1152w, https:\/\/linearsa.ch\/wp-content\/uploads\/2025\/10\/142-Messerli-Simon-3-1536x2048.jpg 1536w, https:\/\/linearsa.ch\/wp-content\/uploads\/2025\/10\/142-Messerli-Simon-3-scaled.jpg 1920w\" sizes=\"(max-width: 768px) 100vw, 768px\" \/><\/figure>\n\n\n\n<p class=\"has-text-align-left\">Simon ist 27 Jahre alt, hat ein EFZ als Landwirt und arbeitet ebenfalls auf dem Familienbetrieb in R\u00fcmligen im Kanton Bern. Dort halten sie eine Swiss Fleckvieh (2\/3) und Holstein (1\/3) Herde mit 30 K\u00fchen und rund 50 Aufzuchttieren und nehmen regelm\u00e4\u00dfig an Ausstellungen teil. Simon engagiert sich f\u00fcr die Viehzucht, was seine k\u00fcrzliche Ernennung zum Pr\u00e4sidenten der Berner Jungz\u00fcchter mit ihren 1500 Mitglieder beweist. Er bringt somit eine grosse Motivation, Erfahrung und sehr gute zwischenmenschliche F\u00e4higkeiten mit.<\/p>\n\n\n\n<p><\/p>\n<\/div>\n\n\n\n<p class=\"wp-container-content-9cfa9a5a\"><\/p>\n\n\n\n<div class=\"wp-block-group is-nowrap is-layout-flex wp-container-core-group-is-layout-6c531013 wp-block-group-is-layout-flex\">\n<p>Yannick ist auf einem Viehzucht- und Milchproduktionsbetrieb im Berner Jura aufgewachsen, wo seine Leidenschaft f\u00fcr K\u00fche begann. Er besitzt ein EFZ als Landwirt. Neben seiner neuen T\u00e4tigkeit als Einstufer ist er derzeit auf dem Hof Grands-Bois in Epagny FR angestellt, dessen Holstein- und Jersey-Herde in den Ausstellungsringen gut bekannt ist. Der 24-j\u00e4hrige Yannick bringt viel Motivation, solide Kenntnisse und eine perfekte Zweisprachigkeit mit.<\/p>\n\n\n\n<figure class=\"wp-block-image alignright size-large is-resized\"><img decoding=\"async\" width=\"1024\" height=\"706\" src=\"https:\/\/linearsa.ch\/wp-content\/uploads\/2025\/10\/Boegli-Yannick-2025-09-01-071512-1024x706.png\" alt=\"\" class=\"wp-image-6169\" style=\"width:420px;height:auto\" srcset=\"https:\/\/linearsa.ch\/wp-content\/uploads\/2025\/10\/Boegli-Yannick-2025-09-01-071512-1024x706.png 1024w, https:\/\/linearsa.ch\/wp-content\/uploads\/2025\/10\/Boegli-Yannick-2025-09-01-071512-300x207.png 300w, https:\/\/linearsa.ch\/wp-content\/uploads\/2025\/10\/Boegli-Yannick-2025-09-01-071512-768x530.png 768w, https:\/\/linearsa.ch\/wp-content\/uploads\/2025\/10\/Boegli-Yannick-2025-09-01-071512.png 1301w\" sizes=\"(max-width: 1024px) 100vw, 1024px\" \/><\/figure>\n<\/div>\n\n\n\n<p><\/p>\n\n\n\n<div class=\"wp-block-group is-nowrap is-layout-flex wp-container-core-group-is-layout-6c531013 wp-block-group-is-layout-flex\">\n<figure class=\"wp-block-image alignleft size-large is-resized\"><img decoding=\"async\" width=\"933\" height=\"1024\" src=\"https:\/\/linearsa.ch\/wp-content\/uploads\/2025\/10\/Saucy-Thibaud-2025-09-01-071710-933x1024.png\" alt=\"\" class=\"wp-image-6171\" style=\"width:379px;height:auto\" srcset=\"https:\/\/linearsa.ch\/wp-content\/uploads\/2025\/10\/Saucy-Thibaud-2025-09-01-071710-933x1024.png 933w, https:\/\/linearsa.ch\/wp-content\/uploads\/2025\/10\/Saucy-Thibaud-2025-09-01-071710-273x300.png 273w, https:\/\/linearsa.ch\/wp-content\/uploads\/2025\/10\/Saucy-Thibaud-2025-09-01-071710-768x843.png 768w, https:\/\/linearsa.ch\/wp-content\/uploads\/2025\/10\/Saucy-Thibaud-2025-09-01-071710.png 957w\" sizes=\"(max-width: 933px) 100vw, 933px\" \/><\/figure>\n\n\n\n<p>Thibaud ist 23 Jahre alt und stammt aus dem Kanton Jura. Seine Leidenschaft f\u00fcr die Viehzucht entdeckte er auf dem Holstein- und Red-Holstein-Zuchtbetrieb seines Onkels in Les Pommerats JU. Unter dem Pr\u00e4fix P&#8217;tit Coeur nimmt er regelm\u00e4\u00dfig mit den Tieren aus dieser Zucht an Ausstellungen teil. Mit einem EFZ als Landwirt und einem Jahr als Angestellter bei P&#8217;tit Coeur schloss er sich im 2021 dem Team des Aussendienstes von Swissherdbook f\u00fcr die z\u00fcchterische Beratung an. Parallel dazu hat er eine Ausbildung zum Techniker HF Agrokaufmann absolviert und im Sommer 2025 erfolgreich abgeschlossen. Er hat somit eine solide Erfahrung in der Welt der Tierzucht und im Umgang mit Menschen.<\/p>\n<\/div>\n\n\n\n<p>Wir w\u00fcnschen ihnen viel Freude bei ihrer T\u00e4tigkeit als Einstufer. Bitte empfangen Sie die neuen Mitarbeiter freundlich auf Ihren Zuchtbetrieben.<\/p>\n\n\n\n<p>Linear AG<\/p>\n\n\n\n<p><\/p>\n","protected":false},"excerpt":{"rendered":"<p>Um das Team zu vervollst\u00e4ndigen, wurde Simon Messerli im Februar 2025 angestellt. Er hatte die Ausbildung im Sommer 2023 erfolgreich abgeschlossen. Sp\u00e4ter konnten wir zwei weitere Einstufer anstellen, die in diesem Sommer die Ausbildung als Einstufer erfolgreich absolviert haben. Yannick B\u00f6gli und Thibaud Saucy begannen ihre T\u00e4tigkeit f\u00fcr die Linear AG am 1. September 2025. [&hellip;]<\/p>\n","protected":false},"author":10,"featured_media":0,"comment_status":"open","ping_status":"open","sticky":false,"template":"","format":"standard","meta":{"_monsterinsights_skip_tracking":false,"_monsterinsights_sitenote_active":false,"_monsterinsights_sitenote_note":"","_monsterinsights_sitenote_category":0,"footnotes":""},"categories":[14],"tags":[],"class_list":["post-6166","post","type-post","status-publish","format-standard","hentry","category-aktuelles"],"_links":{"self":[{"href":"https:\/\/linearsa.ch\/de\/wp-json\/wp\/v2\/posts\/6166","targetHints":{"allow":["GET"]}}],"collection":[{"href":"https:\/\/linearsa.ch\/de\/wp-json\/wp\/v2\/posts"}],"about":[{"href":"https:\/\/linearsa.ch\/de\/wp-json\/wp\/v2\/types\/post"}],"author":[{"embeddable":true,"href":"https:\/\/linearsa.ch\/de\/wp-json\/wp\/v2\/users\/10"}],"replies":[{"embeddable":true,"href":"https:\/\/linearsa.ch\/de\/wp-json\/wp\/v2\/comments?post=6166"}],"version-history":[{"count":3,"href":"https:\/\/linearsa.ch\/de\/wp-json\/wp\/v2\/posts\/6166\/revisions"}],"predecessor-version":[{"id":6184,"href":"https:\/\/linearsa.ch\/de\/wp-json\/wp\/v2\/posts\/6166\/revisions\/6184"}],"wp:attachment":[{"href":"https:\/\/linearsa.ch\/de\/wp-json\/wp\/v2\/media?parent=6166"}],"wp:term":[{"taxonomy":"category","embeddable":true,"href":"https:\/\/linearsa.ch\/de\/wp-json\/wp\/v2\/categories?post=6166"},{"taxonomy":"post_tag","embeddable":true,"href":"https:\/\/linearsa.ch\/de\/wp-json\/wp\/v2\/tags?post=6166"}],"curies":[{"name":"wp","href":"https:\/\/api.w.org\/{rel}","templated":true}]}}